{"id":7279,"date":"2026-04-23T19:31:56","date_gmt":"2026-04-23T17:31:56","guid":{"rendered":"https:\/\/fsg-polizei-noe.at\/inhalt\/?p=7279"},"modified":"2026-04-23T19:39:47","modified_gmt":"2026-04-23T17:39:47","slug":"%f0%9f%9a%a8-dienstzeitmanagement-2026-klare-worte-aus-niederoesterreich-%f0%9f%9a%a8","status":"publish","type":"post","link":"https:\/\/fsg-polizei-noe.at\/inhalt\/2026\/04\/23\/%f0%9f%9a%a8-dienstzeitmanagement-2026-klare-worte-aus-niederoesterreich-%f0%9f%9a%a8\/","title":{"rendered":"\ud83d\udea8 Dienstzeitmanagement 2026: Klare Worte aus Nieder\u00f6sterreich! \ud83d\udea8"},"content":{"rendered":"\t\t<div data-elementor-type=\"wp-post\" data-elementor-id=\"7279\" class=\"elementor elementor-7279\" data-elementor-settings=\"[]\">\n\t\t\t\t\t\t\t<div class=\"elementor-section-wrap\">\n\t\t\t\t\t\t\t<section class=\"elementor-section elementor-top-section elementor-element elementor-element-33531dc elementor-section-boxed elementor-section-height-default elementor-section-height-default\" data-id=\"33531dc\" data-element_type=\"section\">\n\t\t\t\t\t\t<div class=\"elementor-container elementor-column-gap-default\">\n\t\t\t\t\t<div class=\"elementor-column elementor-col-100 elementor-top-column elementor-element elementor-element-c14db52\" data-id=\"c14db52\" data-element_type=\"column\">\n\t\t\t<div class=\"elementor-widget-wrap elementor-element-populated\">\n\t\t\t\t\t\t\t\t<div class=\"elementor-element elementor-element-66fac15 elementor-widget elementor-widget-text-editor\" data-id=\"66fac15\" data-element_type=\"widget\" data-widget_type=\"text-editor.default\">\n\t\t\t\t<div class=\"elementor-widget-container\">\n\t\t\t\t\t\t\t<p>Die Fraktion <strong>FSG \u2013 Klub der Exekutive N\u00d6<\/strong> hat einen Antrag an die Polizeigewerkschaft N\u00d6 eingebracht und fordert die Vorbereitung aller notwendigen gewerkschaftlichen Ma\u00dfnahmen zum geplanten <strong>Dienstzeitmanagement 2026 (DZM 2026)<\/strong>.<\/p><p>\u00a0<\/p><p>Viele Kolleginnen und Kollegen sehen die geplanten \u00c4nderungen mit gro\u00dfer Sorge. Kritisiert werden vor allem mangelnde Einbindung der Personalvertretung, vorweggenommene Entscheidungen sowie offene Fragen bei Arbeitsbedingungen und m\u00f6glichen Einkommensnachteilen.<\/p><p>\u00a0<\/p><p>\ud83d\udccc Unsere klare Haltung:<br \/>Die Interessen der Bediensteten m\u00fcssen geh\u00f6rt, ernst genommen und konsequent vertreten werden.<\/p><p>\u00a0<\/p><p>\ud83e\udd1d Gemeinsam f\u00fcr Fairness, Transparenz und starke Mitbestimmung.<\/p>\t\t\t\t\t\t<\/div>\n\t\t\t\t<\/div>\n\t\t\t\t\t<\/div>\n\t\t<\/div>\n\t\t\t\t\t\t\t<\/div>\n\t\t<\/section>\n\t\t\t\t<section class=\"elementor-section elementor-top-section elementor-element elementor-element-c0d3a02 elementor-section-boxed elementor-section-height-default elementor-section-height-default\" data-id=\"c0d3a02\" data-element_type=\"section\">\n\t\t\t\t\t\t<div class=\"elementor-container elementor-column-gap-default\">\n\t\t\t\t\t<div class=\"elementor-column elementor-col-100 elementor-top-column elementor-element elementor-element-eba2f6d\" data-id=\"eba2f6d\" data-element_type=\"column\">\n\t\t\t<div class=\"elementor-widget-wrap elementor-element-populated\">\n\t\t\t\t\t\t\t\t<div class=\"elementor-element elementor-element-7af0eda elementor-widget elementor-widget-image\" data-id=\"7af0eda\" data-element_type=\"widget\" data-widget_type=\"image.default\">\n\t\t\t\t<div class=\"elementor-widget-container\">\n\t\t\t\t\t\t\t\t\t\t\t\t\t\t\t<img loading=\"lazy\" decoding=\"async\" width=\"754\" height=\"1024\" src=\"https:\/\/fsg-polizei-noe.at\/inhalt\/wp-content\/uploads\/2026\/04\/IMG_9286-754x1024.jpeg\" class=\"attachment-large size-large\" alt=\"\" \/>\t\t\t\t\t\t\t\t\t\t\t\t\t\t\t<\/div>\n\t\t\t\t<\/div>\n\t\t\t\t\t<\/div>\n\t\t<\/div>\n\t\t\t\t\t\t\t<\/div>\n\t\t<\/section>\n\t\t\t\t<section class=\"elementor-section elementor-top-section elementor-element elementor-element-5113d47 elementor-section-boxed elementor-section-height-default elementor-section-height-default\" data-id=\"5113d47\" data-element_type=\"section\">\n\t\t\t\t\t\t<div class=\"elementor-container elementor-column-gap-default\">\n\t\t\t\t\t<div class=\"elementor-column elementor-col-100 elementor-top-column elementor-element elementor-element-370fa0d\" data-id=\"370fa0d\" data-element_type=\"column\">\n\t\t\t<div class=\"elementor-widget-wrap elementor-element-populated\">\n\t\t\t\t\t\t\t\t<div class=\"elementor-element elementor-element-a1a371a elementor-widget elementor-widget-image\" data-id=\"a1a371a\" data-element_type=\"widget\" data-widget_type=\"image.default\">\n\t\t\t\t<div class=\"elementor-widget-container\">\n\t\t\t\t\t\t\t\t\t\t\t\t\t\t\t<img loading=\"lazy\" decoding=\"async\" width=\"753\" height=\"1024\" src=\"https:\/\/fsg-polizei-noe.at\/inhalt\/wp-content\/uploads\/2026\/04\/IMG_9287-753x1024.jpeg\" class=\"attachment-large size-large\" alt=\"\" \/>\t\t\t\t\t\t\t\t\t\t\t\t\t\t\t<\/div>\n\t\t\t\t<\/div>\n\t\t\t\t\t<\/div>\n\t\t<\/div>\n\t\t\t\t\t\t\t<\/div>\n\t\t<\/section>\n\t\t\t\t\t\t<\/div>\n\t\t\t\t\t<\/div>\n\t\t","protected":false},"excerpt":{"rendered":"<p>Die Fraktion FSG \u2013 Klub der Exekutive N\u00d6 hat einen Antrag an die Polizeigewerkschaft N\u00d6 eingebracht und fordert die Vorbereitung aller notwendigen gewerkschaftlichen Ma\u00dfnahmen zum geplanten Dienstzeitmanagement 2026 (DZM 2026). \u00a0 Viele Kolleginnen und Kollegen sehen die geplanten \u00c4nderungen mit gro\u00dfer Sorge. Kritisiert werden vor allem mangelnde Einbindung der Personalvertretung, [&hellip;]<\/p>\n","protected":false},"author":1,"featured_media":0,"comment_status":"closed","ping_status":"open","sticky":false,"template":"","format":"standard","meta":{"footnotes":""},"categories":[23],"tags":[],"class_list":["post-7279","post","type-post","status-publish","format-standard","hentry","category-news"],"_links":{"self":[{"href":"https:\/\/fsg-polizei-noe.at\/inhalt\/wp-json\/wp\/v2\/posts\/7279","targetHints":{"allow":["GET"]}}],"collection":[{"href":"https:\/\/fsg-polizei-noe.at\/inhalt\/wp-json\/wp\/v2\/posts"}],"about":[{"href":"https:\/\/fsg-polizei-noe.at\/inhalt\/wp-json\/wp\/v2\/types\/post"}],"author":[{"embeddable":true,"href":"https:\/\/fsg-polizei-noe.at\/inhalt\/wp-json\/wp\/v2\/users\/1"}],"replies":[{"embeddable":true,"href":"https:\/\/fsg-polizei-noe.at\/inhalt\/wp-json\/wp\/v2\/comments?post=7279"}],"version-history":[{"count":5,"href":"https:\/\/fsg-polizei-noe.at\/inhalt\/wp-json\/wp\/v2\/posts\/7279\/revisions"}],"predecessor-version":[{"id":7288,"href":"https:\/\/fsg-polizei-noe.at\/inhalt\/wp-json\/wp\/v2\/posts\/7279\/revisions\/7288"}],"wp:attachment":[{"href":"https:\/\/fsg-polizei-noe.at\/inhalt\/wp-json\/wp\/v2\/media?parent=7279"}],"wp:term":[{"taxonomy":"category","embeddable":true,"href":"https:\/\/fsg-polizei-noe.at\/inhalt\/wp-json\/wp\/v2\/categories?post=7279"},{"taxonomy":"post_tag","embeddable":true,"href":"https:\/\/fsg-polizei-noe.at\/inhalt\/wp-json\/wp\/v2\/tags?post=7279"}],"curies":[{"name":"wp","href":"https:\/\/api.w.org\/{rel}","templated":true}]}}